{"id":1709,"date":"2018-09-08T07:56:58","date_gmt":"2018-09-08T07:56:58","guid":{"rendered":"http:\/\/next.article20.org\/?p=1709"},"modified":"2018-09-10T10:57:55","modified_gmt":"2018-09-10T10:57:55","slug":"advokat-trebuet-spasti-figuranta-jaltinskogo-dela-hizb-ut-tahrir","status":"publish","type":"post","link":"https:\/\/article20.org\/de\/news\/advokat-trebuet-spasti-figuranta-jaltinskogo-dela-hizb-ut-tahrir\/","title":{"rendered":"Der Anwalt fordert die Rettung des Angeklagten im Fall Jalta &#8222;Hizb ut-Tahrir&#8220;"},"content":{"rendered":"Der Rechtsanwalt Aider Azamatov reichte am 7. September mehrere Beschwerden bei russischen Regierungsbeh\u00f6rden im Zusammenhang mit dem &#8222;kritischen Gesundheitszustand&#8220; und der &#8222;Nichtbereitstellung medizinischer Hilfe&#8220; an seinen Mandanten Arsen Jepparov, Angeklagten im Fall Jalta &#8222;Hizb ut-Tahrir&#8220;, ein.<\/p>\n<p>Der Anwalt \u00fcbermittelte auch eine Erkl\u00e4rung an die Leitung der Untersuchungshaftanstalt, in der er darum bat, dass sein Mandant eine \u00e4rztliche Untersuchung in einem der st\u00e4dtischen Krankenh\u00e4user erh\u00e4lt, wo ihm qualifizierte Unterst\u00fctzung gew\u00e4hrt werden kann. Dar\u00fcber hinaus richtete der Anwalt einen Antrag an die russische Ombudsfrau Tatjana Moskalkowa, um die schnelle medizinische Versorgung von Jepparov zu unterst\u00fctzen.<\/p>\n<p>&#8222;Arsen beklagt sich schon seit einigen Monaten \u00fcber st\u00e4ndige Kopfschmerzen. Ich mache mir Sorgen um sein Leben und seine Gesundheit. Sein derzeitiger Zustand kann zu einem Schlaganfall oder einem Herzinfarkt f\u00fchren. In der Antragstellung bitte ich darum, dass er in eines der st\u00e4dtischen Krankenh\u00e4user gebracht wird, wo er qualifizierte Hilfe erhalten kann. &#8222;Er wird diese Hilfe in der Untersuchungshaftanstalt nicht erhalten&#8220;, sagte Azamatov.<\/p>\n<p>Zuvor hatte der Anwalt auf Facebook ver\u00f6ffentlicht, dass sich Arsen Jepparov in einem &#8222;kritischen Zustand&#8220; bef\u00e4nde.\u00a0Ende Mai verl\u00e4ngerte das nordkaukasische Bezirksmilit\u00e4rgericht die Haft der sechs Angeklagten des Falles &#8222;Hizb ut-Tahrir&#8220; in Jalta um drei Monate.","protected":false},"excerpt":{"rendered":"<p>Der Rechtsanwalt Aider Azamatov reichte am 7. September mehrere Beschwerden bei russischen Regierungsbeh\u00f6rden im Zusammenhang mit dem &#8222;kritischen Gesundheitszustand&#8220; und der &#8222;Nichtbereitstellung medizinischer Hilfe&#8220; an seinen Mandanten Arsen Jepparov, Angeklagten im Fall Jalta &#8222;Hizb ut-Tahrir&#8220;, ein. Der Anwalt \u00fcbermittelte auch eine Erkl\u00e4rung an die Leitung der Untersuchungshaftanstalt, in der er darum bat, dass sein Mandant [&hellip;]<\/p>\n","protected":false},"author":3,"featured_media":1710,"comment_status":"closed","ping_status":"closed","sticky":false,"template":"","format":"standard","meta":{"footnotes":""},"categories":[6,1,4],"tags":[58],"class_list":["post-1709","post","type-post","status-publish","format-standard","has-post-thumbnail","hentry","category-crimea","category-news","category-special-projects","tag-hizb-ut-tahrir"],"yoast_head":"<!-- This site is optimized with the Yoast SEO plugin v26.6 - https:\/\/yoast.com\/wordpress\/plugins\/seo\/ -->\n<title>Der Anwalt fordert die Rettung des Angeklagten im Fall Jalta &quot;Hizb ut-Tahrir&quot; - Article20.org<\/title>\n<meta name=\"robots\" content=\"index, follow, max-snippet:-1, max-image-preview:large, max-video-preview:-1\" \/>\n<link rel=\"canonical\" href=\"https:\/\/article20.org\/de\/news\/advokat-trebuet-spasti-figuranta-jaltinskogo-dela-hizb-ut-tahrir\/\" \/>\n<meta property=\"og:locale\" content=\"de_DE\" \/>\n<meta property=\"og:type\" content=\"article\" \/>\n<meta property=\"og:title\" content=\"Der Anwalt fordert die Rettung des Angeklagten im Fall Jalta &quot;Hizb ut-Tahrir&quot; - Article20.org\" \/>\n<meta property=\"og:description\" content=\"Der Rechtsanwalt Aider Azamatov reichte am 7. September mehrere Beschwerden bei russischen Regierungsbeh\u00f6rden im Zusammenhang mit dem &#8222;kritischen Gesundheitszustand&#8220; und der &#8222;Nichtbereitstellung medizinischer Hilfe&#8220; an seinen Mandanten Arsen Jepparov, Angeklagten im Fall Jalta &#8222;Hizb ut-Tahrir&#8220;, ein. Der Anwalt \u00fcbermittelte auch eine Erkl\u00e4rung an die Leitung der Untersuchungshaftanstalt, in der er darum bat, dass sein Mandant [&hellip;]\" \/>\n<meta property=\"og:url\" content=\"https:\/\/article20.org\/de\/news\/advokat-trebuet-spasti-figuranta-jaltinskogo-dela-hizb-ut-tahrir\/\" \/>\n<meta property=\"og:site_name\" content=\"Article20.org\" \/>\n<meta property=\"article:published_time\" content=\"2018-09-08T07:56:58+00:00\" \/>\n<meta property=\"article:modified_time\" content=\"2018-09-10T10:57:55+00:00\" \/>\n<meta property=\"og:image\" content=\"https:\/\/article20.org\/wp-content\/uploads\/2018\/09\/9421C2F8-4677-4C2D-924A-864ADCE95C47_w1597_n_r1_s.jpg\" \/>\n\t<meta property=\"og:image:width\" content=\"1347\" \/>\n\t<meta property=\"og:image:height\" content=\"898\" \/>\n\t<meta property=\"og:image:type\" content=\"image\/jpeg\" \/>\n<meta name=\"author\" content=\"Editor\" \/>\n<meta name=\"twitter:card\" content=\"summary_large_image\" \/>\n<meta name=\"twitter:label1\" content=\"Verfasst von\" \/>\n\t<meta name=\"twitter:data1\" content=\"Editor\" \/>\n\t<meta name=\"twitter:label2\" content=\"Gesch\u00e4tzte Lesezeit\" \/>\n\t<meta name=\"twitter:data2\" content=\"2\u00a0Minuten\" \/>\n<script type=\"application\/ld+json\" class=\"yoast-schema-graph\">{\"@context\":\"https:\/\/schema.org\",\"@graph\":[{\"@type\":\"Article\",\"@id\":\"https:\/\/article20.org\/de\/news\/advokat-trebuet-spasti-figuranta-jaltinskogo-dela-hizb-ut-tahrir\/#article\",\"isPartOf\":{\"@id\":\"https:\/\/article20.org\/de\/news\/advokat-trebuet-spasti-figuranta-jaltinskogo-dela-hizb-ut-tahrir\/\"},\"author\":{\"name\":\"Editor\",\"@id\":\"https:\/\/article20.org\/#\/schema\/person\/664a1fd6cbb422e70f1f5ee52583a0e5\"},\"headline\":\"Der Anwalt fordert die Rettung des Angeklagten im Fall Jalta &#8222;Hizb ut-Tahrir&#8220;\",\"datePublished\":\"2018-09-08T07:56:58+00:00\",\"dateModified\":\"2018-09-10T10:57:55+00:00\",\"mainEntityOfPage\":{\"@id\":\"https:\/\/article20.org\/de\/news\/advokat-trebuet-spasti-figuranta-jaltinskogo-dela-hizb-ut-tahrir\/\"},\"wordCount\":623,\"publisher\":{\"@id\":\"https:\/\/article20.org\/#organization\"},\"image\":{\"@id\":\"https:\/\/article20.org\/de\/news\/advokat-trebuet-spasti-figuranta-jaltinskogo-dela-hizb-ut-tahrir\/#primaryimage\"},\"thumbnailUrl\":\"https:\/\/article20.org\/wp-content\/uploads\/2018\/09\/9421C2F8-4677-4C2D-924A-864ADCE95C47_w1597_n_r1_s.jpg\",\"keywords\":[\"\u0425\u0438\u0437\u0431 \u0443\u0442-\u0422\u0430\u0445\u0440\u0438\u0440\"],\"articleSection\":[\"Krim\",\"Nachrichten\",\"Spezielle Projekte\"],\"inLanguage\":\"de\"},{\"@type\":\"WebPage\",\"@id\":\"https:\/\/article20.org\/de\/news\/advokat-trebuet-spasti-figuranta-jaltinskogo-dela-hizb-ut-tahrir\/\",\"url\":\"https:\/\/article20.org\/de\/news\/advokat-trebuet-spasti-figuranta-jaltinskogo-dela-hizb-ut-tahrir\/\",\"name\":\"Der Anwalt fordert die Rettung des Angeklagten im Fall Jalta \\\"Hizb ut-Tahrir\\\" - Article20.org\",\"isPartOf\":{\"@id\":\"https:\/\/article20.org\/de\/#website\"},\"primaryImageOfPage\":{\"@id\":\"https:\/\/article20.org\/de\/news\/advokat-trebuet-spasti-figuranta-jaltinskogo-dela-hizb-ut-tahrir\/#primaryimage\"},\"image\":{\"@id\":\"https:\/\/article20.org\/de\/news\/advokat-trebuet-spasti-figuranta-jaltinskogo-dela-hizb-ut-tahrir\/#primaryimage\"},\"thumbnailUrl\":\"https:\/\/article20.org\/wp-content\/uploads\/2018\/09\/9421C2F8-4677-4C2D-924A-864ADCE95C47_w1597_n_r1_s.jpg\",\"datePublished\":\"2018-09-08T07:56:58+00:00\",\"dateModified\":\"2018-09-10T10:57:55+00:00\",\"breadcrumb\":{\"@id\":\"https:\/\/article20.org\/de\/news\/advokat-trebuet-spasti-figuranta-jaltinskogo-dela-hizb-ut-tahrir\/#breadcrumb\"},\"inLanguage\":\"de\",\"potentialAction\":[{\"@type\":\"ReadAction\",\"target\":[[\"https:\/\/article20.org\/de\/news\/advokat-trebuet-spasti-figuranta-jaltinskogo-dela-hizb-ut-tahrir\/\"]]}]},{\"@type\":\"ImageObject\",\"inLanguage\":\"de\",\"@id\":\"https:\/\/article20.org\/de\/news\/advokat-trebuet-spasti-figuranta-jaltinskogo-dela-hizb-ut-tahrir\/#primaryimage\",\"url\":\"https:\/\/article20.org\/wp-content\/uploads\/2018\/09\/9421C2F8-4677-4C2D-924A-864ADCE95C47_w1597_n_r1_s.jpg\",\"contentUrl\":\"https:\/\/article20.org\/wp-content\/uploads\/2018\/09\/9421C2F8-4677-4C2D-924A-864ADCE95C47_w1597_n_r1_s.jpg\",\"width\":1347,\"height\":898},{\"@type\":\"BreadcrumbList\",\"@id\":\"https:\/\/article20.org\/de\/news\/advokat-trebuet-spasti-figuranta-jaltinskogo-dela-hizb-ut-tahrir\/#breadcrumb\",\"itemListElement\":[{\"@type\":\"ListItem\",\"position\":1,\"name\":\"Home\",\"item\":\"https:\/\/article20.org\/de\/\"},{\"@type\":\"ListItem\",\"position\":2,\"name\":\"Der Anwalt fordert die Rettung des Angeklagten im Fall Jalta &#8222;Hizb ut-Tahrir&#8220;\"}]},{\"@type\":\"WebSite\",\"@id\":\"https:\/\/article20.org\/de\/#website\",\"url\":\"https:\/\/article20.org\/de\/\",\"name\":\"Article20.org\",\"description\":\"Alles \u00fcber Versammlungsfreiheit und Vereinigungsfreiheit\",\"publisher\":{\"@id\":\"https:\/\/article20.org\/de\/#organization\"},\"potentialAction\":[{\"@type\":\"SearchAction\",\"target\":{\"@type\":\"EntryPoint\",\"urlTemplate\":\"https:\/\/article20.org\/de\/?s={search_term_string}\"},\"query-input\":{\"@type\":\"PropertyValueSpecification\",\"valueRequired\":true,\"valueName\":\"search_term_string\"}}],\"inLanguage\":\"de\"},{\"@type\":\"Organization\",\"@id\":\"https:\/\/article20.org\/de\/#organization\",\"name\":\"Article20.org\",\"url\":\"https:\/\/article20.org\/de\/\",\"logo\":{\"@type\":\"ImageObject\",\"inLanguage\":\"de\",\"@id\":\"https:\/\/article20.org\/de\/#\/schema\/logo\/image\/\",\"url\":\"https:\/\/article20.org\/wp-content\/uploads\/2018\/06\/article20.png\",\"contentUrl\":\"https:\/\/article20.org\/wp-content\/uploads\/2018\/06\/article20.png\",\"width\":60,\"height\":25,\"caption\":\"Article20.org\"},\"image\":{\"@id\":\"https:\/\/article20.org\/de\/#\/schema\/logo\/image\/\"}},{\"@type\":\"Person\",\"@id\":\"https:\/\/article20.org\/#\/schema\/person\/664a1fd6cbb422e70f1f5ee52583a0e5\",\"name\":\"Editor\",\"url\":\"https:\/\/article20.org\/de\/author\/editor\/\"}]}<\/script>\n<!-- \/ Yoast SEO plugin. -->","yoast_head_json":{"title":"Der Anwalt fordert die Rettung des Angeklagten im Fall Jalta \"Hizb ut-Tahrir\" - Article20.org","robots":{"index":"index","follow":"follow","max-snippet":"max-snippet:-1","max-image-preview":"max-image-preview:large","max-video-preview":"max-video-preview:-1"},"canonical":"https:\/\/article20.org\/de\/news\/advokat-trebuet-spasti-figuranta-jaltinskogo-dela-hizb-ut-tahrir\/","og_locale":"de_DE","og_type":"article","og_title":"Der Anwalt fordert die Rettung des Angeklagten im Fall Jalta \"Hizb ut-Tahrir\" - Article20.org","og_description":"Der Rechtsanwalt Aider Azamatov reichte am 7. September mehrere Beschwerden bei russischen Regierungsbeh\u00f6rden im Zusammenhang mit dem &#8222;kritischen Gesundheitszustand&#8220; und der &#8222;Nichtbereitstellung medizinischer Hilfe&#8220; an seinen Mandanten Arsen Jepparov, Angeklagten im Fall Jalta &#8222;Hizb ut-Tahrir&#8220;, ein. Der Anwalt \u00fcbermittelte auch eine Erkl\u00e4rung an die Leitung der Untersuchungshaftanstalt, in der er darum bat, dass sein Mandant [&hellip;]","og_url":"https:\/\/article20.org\/de\/news\/advokat-trebuet-spasti-figuranta-jaltinskogo-dela-hizb-ut-tahrir\/","og_site_name":"Article20.org","article_published_time":"2018-09-08T07:56:58+00:00","article_modified_time":"2018-09-10T10:57:55+00:00","og_image":[{"width":1347,"height":898,"url":"https:\/\/article20.org\/wp-content\/uploads\/2018\/09\/9421C2F8-4677-4C2D-924A-864ADCE95C47_w1597_n_r1_s.jpg","type":"image\/jpeg"}],"author":"Editor","twitter_card":"summary_large_image","twitter_misc":{"Verfasst von":"Editor","Gesch\u00e4tzte Lesezeit":"2\u00a0Minuten"},"schema":{"@context":"https:\/\/schema.org","@graph":[{"@type":"Article","@id":"https:\/\/article20.org\/de\/news\/advokat-trebuet-spasti-figuranta-jaltinskogo-dela-hizb-ut-tahrir\/#article","isPartOf":{"@id":"https:\/\/article20.org\/de\/news\/advokat-trebuet-spasti-figuranta-jaltinskogo-dela-hizb-ut-tahrir\/"},"author":{"name":"Editor","@id":"https:\/\/article20.org\/#\/schema\/person\/664a1fd6cbb422e70f1f5ee52583a0e5"},"headline":"Der Anwalt fordert die Rettung des Angeklagten im Fall Jalta &#8222;Hizb ut-Tahrir&#8220;","datePublished":"2018-09-08T07:56:58+00:00","dateModified":"2018-09-10T10:57:55+00:00","mainEntityOfPage":{"@id":"https:\/\/article20.org\/de\/news\/advokat-trebuet-spasti-figuranta-jaltinskogo-dela-hizb-ut-tahrir\/"},"wordCount":623,"publisher":{"@id":"https:\/\/article20.org\/#organization"},"image":{"@id":"https:\/\/article20.org\/de\/news\/advokat-trebuet-spasti-figuranta-jaltinskogo-dela-hizb-ut-tahrir\/#primaryimage"},"thumbnailUrl":"https:\/\/article20.org\/wp-content\/uploads\/2018\/09\/9421C2F8-4677-4C2D-924A-864ADCE95C47_w1597_n_r1_s.jpg","keywords":["\u0425\u0438\u0437\u0431 \u0443\u0442-\u0422\u0430\u0445\u0440\u0438\u0440"],"articleSection":["Krim","Nachrichten","Spezielle Projekte"],"inLanguage":"de"},{"@type":"WebPage","@id":"https:\/\/article20.org\/de\/news\/advokat-trebuet-spasti-figuranta-jaltinskogo-dela-hizb-ut-tahrir\/","url":"https:\/\/article20.org\/de\/news\/advokat-trebuet-spasti-figuranta-jaltinskogo-dela-hizb-ut-tahrir\/","name":"Der Anwalt fordert die Rettung des Angeklagten im Fall Jalta \"Hizb ut-Tahrir\" - Article20.org","isPartOf":{"@id":"https:\/\/article20.org\/de\/#website"},"primaryImageOfPage":{"@id":"https:\/\/article20.org\/de\/news\/advokat-trebuet-spasti-figuranta-jaltinskogo-dela-hizb-ut-tahrir\/#primaryimage"},"image":{"@id":"https:\/\/article20.org\/de\/news\/advokat-trebuet-spasti-figuranta-jaltinskogo-dela-hizb-ut-tahrir\/#primaryimage"},"thumbnailUrl":"https:\/\/article20.org\/wp-content\/uploads\/2018\/09\/9421C2F8-4677-4C2D-924A-864ADCE95C47_w1597_n_r1_s.jpg","datePublished":"2018-09-08T07:56:58+00:00","dateModified":"2018-09-10T10:57:55+00:00","breadcrumb":{"@id":"https:\/\/article20.org\/de\/news\/advokat-trebuet-spasti-figuranta-jaltinskogo-dela-hizb-ut-tahrir\/#breadcrumb"},"inLanguage":"de","potentialAction":[{"@type":"ReadAction","target":[["https:\/\/article20.org\/de\/news\/advokat-trebuet-spasti-figuranta-jaltinskogo-dela-hizb-ut-tahrir\/"]]}]},{"@type":"ImageObject","inLanguage":"de","@id":"https:\/\/article20.org\/de\/news\/advokat-trebuet-spasti-figuranta-jaltinskogo-dela-hizb-ut-tahrir\/#primaryimage","url":"https:\/\/article20.org\/wp-content\/uploads\/2018\/09\/9421C2F8-4677-4C2D-924A-864ADCE95C47_w1597_n_r1_s.jpg","contentUrl":"https:\/\/article20.org\/wp-content\/uploads\/2018\/09\/9421C2F8-4677-4C2D-924A-864ADCE95C47_w1597_n_r1_s.jpg","width":1347,"height":898},{"@type":"BreadcrumbList","@id":"https:\/\/article20.org\/de\/news\/advokat-trebuet-spasti-figuranta-jaltinskogo-dela-hizb-ut-tahrir\/#breadcrumb","itemListElement":[{"@type":"ListItem","position":1,"name":"Home","item":"https:\/\/article20.org\/de\/"},{"@type":"ListItem","position":2,"name":"Der Anwalt fordert die Rettung des Angeklagten im Fall Jalta &#8222;Hizb ut-Tahrir&#8220;"}]},{"@type":"WebSite","@id":"https:\/\/article20.org\/de\/#website","url":"https:\/\/article20.org\/de\/","name":"Article20.org","description":"Alles \u00fcber Versammlungsfreiheit und Vereinigungsfreiheit","publisher":{"@id":"https:\/\/article20.org\/de\/#organization"},"potentialAction":[{"@type":"SearchAction","target":{"@type":"EntryPoint","urlTemplate":"https:\/\/article20.org\/de\/?s={search_term_string}"},"query-input":{"@type":"PropertyValueSpecification","valueRequired":true,"valueName":"search_term_string"}}],"inLanguage":"de"},{"@type":"Organization","@id":"https:\/\/article20.org\/de\/#organization","name":"Article20.org","url":"https:\/\/article20.org\/de\/","logo":{"@type":"ImageObject","inLanguage":"de","@id":"https:\/\/article20.org\/de\/#\/schema\/logo\/image\/","url":"https:\/\/article20.org\/wp-content\/uploads\/2018\/06\/article20.png","contentUrl":"https:\/\/article20.org\/wp-content\/uploads\/2018\/06\/article20.png","width":60,"height":25,"caption":"Article20.org"},"image":{"@id":"https:\/\/article20.org\/de\/#\/schema\/logo\/image\/"}},{"@type":"Person","@id":"https:\/\/article20.org\/#\/schema\/person\/664a1fd6cbb422e70f1f5ee52583a0e5","name":"Editor","url":"https:\/\/article20.org\/de\/author\/editor\/"}]}},"_links":{"self":[{"href":"https:\/\/article20.org\/de\/wp-json\/wp\/v2\/posts\/1709","targetHints":{"allow":["GET"]}}],"collection":[{"href":"https:\/\/article20.org\/de\/wp-json\/wp\/v2\/posts"}],"about":[{"href":"https:\/\/article20.org\/de\/wp-json\/wp\/v2\/types\/post"}],"author":[{"embeddable":true,"href":"https:\/\/article20.org\/de\/wp-json\/wp\/v2\/users\/3"}],"replies":[{"embeddable":true,"href":"https:\/\/article20.org\/de\/wp-json\/wp\/v2\/comments?post=1709"}],"version-history":[{"count":1,"href":"https:\/\/article20.org\/de\/wp-json\/wp\/v2\/posts\/1709\/revisions"}],"predecessor-version":[{"id":1765,"href":"https:\/\/article20.org\/de\/wp-json\/wp\/v2\/posts\/1709\/revisions\/1765"}],"wp:featuredmedia":[{"embeddable":true,"href":"https:\/\/article20.org\/de\/wp-json\/wp\/v2\/media\/1710"}],"wp:attachment":[{"href":"https:\/\/article20.org\/de\/wp-json\/wp\/v2\/media?parent=1709"}],"wp:term":[{"taxonomy":"category","embeddable":true,"href":"https:\/\/article20.org\/de\/wp-json\/wp\/v2\/categories?post=1709"},{"taxonomy":"post_tag","embeddable":true,"href":"https:\/\/article20.org\/de\/wp-json\/wp\/v2\/tags?post=1709"}],"curies":[{"name":"wp","href":"https:\/\/api.w.org\/{rel}","templated":true}]}}