{"id":10733,"date":"2018-11-12T13:13:39","date_gmt":"2018-11-12T13:13:39","guid":{"rendered":"https:\/\/article20.org\/?p=10733"},"modified":"2018-11-12T13:13:39","modified_gmt":"2018-11-12T13:13:39","slug":"prasentation-und-besprechung-des-berichts-krim-chronologie-der-unterdruckung","status":"publish","type":"post","link":"https:\/\/article20.org\/de\/news\/announcements\/prasentation-und-besprechung-des-berichts-krim-chronologie-der-unterdruckung\/","title":{"rendered":"Pr\u00e4sentation und Besprechung des Berichts \u201eKrim: Chronologie der Unterdr\u00fcckung\u201c"},"content":{"rendered":"K\u00f6ln, 29. November, 2018.Im Lew Kopelew Forum ist die Pr\u00e4sentation und Besprechung des Berichts \u201eKrim: Chronologie der Unterdr\u00fcckung\u201c stattgefunden.\u00a0Im Rahmen der Veranstaltung haben die Vertreter der SOLIDARUS Solidarit\u00e4t mit der B\u00fcrgerbewegung in Russland e.V. den vorbereiteten Bericht \u201eKrim: Chronologie der Unterdr\u00fcckung\u201c vorgestellt.<!--more--><\/p>\n<p>\u201eKrim: Chronologie der Unterdr\u00fcckung\u201c ist eine Zusammenfassung der Ereignisse auf der Krim seit der Besetzung durch die Russische F\u00f6deration im Jahr 2014. Der Bericht besteht aus einem chronologischen \u00dcberblick der gravierten F\u00e4lle der Menschenrechtsverletzungen seit dem Zeitpunkt der russischen Besetzung und einer allgemeinen Analyse der aktuellen politischen, sozialen, wirtschaftlichen, kulturellen Lage auf der ukrainischen Halbinsel.<\/p>\n<p>Im f\u00fcnften Jahr der Besatzung stellt man die Verschlimmerung der Menschenrechtslage auf der Krim fest. Die Vertreterin der SOLIDARUS und Verfasserin des Berichts Viktoria Savchukhat betont, dass die Tendenz sich zur kontinuierlichen Unterdr\u00fcckung der Krim-Einwohner erkennen l\u00e4sst. \u201eIm Laufe der russischen Besatzung ist die Krim in die Halbinsel der Angst und des unrechten Gesetzes umgewandelt, wo kein Platz f\u00fcr die Achtung der Menschenrechte bleibt. Darauf\u00a0 verweist auch die Zahl der F\u00e4lle politisch motivierter Verfolgungen durch die russische Okkupationsmacht auf der Krim, die von der ukrainischen Nichtregierungsorganisation KrimSOS gesammelt wurden. Es handelt sich um 1435 Verhaftungen, 292 Verwaltungsstrafen und 95 Strafverfolgungen im Zeitraum vom M\u00e4rz 2014 bis November 2018. Dort wird es nicht nur aufgrund der pro-ukrainischen Position verfolgt. Unter dem Druck befinden sich auch diejenige, die wegen Religion, Nationalit\u00e4t, Gedankenweise zu den Kriterien politisches Regimes Russlands nicht passen, was aus dem Inhalt unseres Berichts ganz klar herausgeht. Im Allgemeinen kann man die Lage auf der Krim als katastrophal einsch\u00e4tzen.\u201c \u2013 sagte Savchuk.<\/p>\n<p>Der Gesch\u00e4ftsf\u00fchrer von SOLIDARUS Alexey Kozlovist der Auffassung, dass die Verbesserung der Lage sowie die Entbesetzung der Krim nicht ohne m\u00e4chtige Unterst\u00fctzung internationalen Partner der Ukraine wie Deutschland gelingen k\u00f6nnen. \u201eSicher ist es wichtig, die aktuelle\u00a0 Position Deutschlands in der Krim-Frage zu halten. Auf den staatlichen\u00a0und \u00f6ffentlichen Ebenen. Die Krim ist ein besetztes ukrainisches Gebiet. Entsprechende Information \u00fcber die Menschenrechtslage auf der Krim spielt sowohl beim Schutz der Menschenrechte als auch bei der Aussicht auf Wiederherstellung der territorialen Integrit\u00e4t der Ukraine eine wesentliche Rolle.\u201c- betonte er.<\/p>\n<p>Nach der Pr\u00e4sentation wurden die Ergebnisse des Berichts mit Teilnehmern der Veranstaltung im Rahmen des spannenden Podiumsgespr\u00e4chs diskutiert.<\/p>\n<p>Die Veranstaltung wird im Rahmen des vom Ausw\u00e4rtigen Amt gef\u00f6rderten Projektes \u201eAktivierung einer Diskussion \u00fcber Beachtung und Schutz der Menschenrechte auf der Krim\u201c organisiert.<\/p>\n<p>www.article20.org;\u00a0\u00a0www.solidarus.eu\u00a0\u00a0\u00a0 info@solidarus.eu","protected":false},"excerpt":{"rendered":"<p>K\u00f6ln, 29. November, 2018.Im Lew Kopelew Forum ist die Pr\u00e4sentation und Besprechung des Berichts \u201eKrim: Chronologie der Unterdr\u00fcckung\u201c stattgefunden.\u00a0Im Rahmen der Veranstaltung haben die Vertreter der SOLIDARUS Solidarit\u00e4t mit der B\u00fcrgerbewegung in Russland e.V. den vorbereiteten Bericht \u201eKrim: Chronologie der Unterdr\u00fcckung\u201c vorgestellt.<\/p>\n","protected":false},"author":3,"featured_media":10348,"comment_status":"closed","ping_status":"closed","sticky":false,"template":"","format":"standard","meta":{"footnotes":""},"categories":[59,6,4],"tags":[],"class_list":["post-10733","post","type-post","status-publish","format-standard","has-post-thumbnail","hentry","category-announcements","category-crimea","category-special-projects"],"yoast_head":"<!-- This site is optimized with the Yoast SEO plugin v26.6 - https:\/\/yoast.com\/wordpress\/plugins\/seo\/ -->\n<title>Pr\u00e4sentation und Besprechung des Berichts \u201eKrim: Chronologie der Unterdr\u00fcckung\u201c - Article20.org<\/title>\n<meta name=\"robots\" content=\"index, follow, max-snippet:-1, max-image-preview:large, max-video-preview:-1\" \/>\n<link rel=\"canonical\" href=\"https:\/\/article20.org\/de\/news\/announcements\/prasentation-und-besprechung-des-berichts-krim-chronologie-der-unterdruckung\/\" \/>\n<meta property=\"og:locale\" content=\"de_DE\" \/>\n<meta property=\"og:type\" content=\"article\" \/>\n<meta property=\"og:title\" content=\"Pr\u00e4sentation und Besprechung des Berichts \u201eKrim: Chronologie der Unterdr\u00fcckung\u201c - Article20.org\" \/>\n<meta property=\"og:description\" content=\"K\u00f6ln, 29. November, 2018.Im Lew Kopelew Forum ist die Pr\u00e4sentation und Besprechung des Berichts \u201eKrim: Chronologie der Unterdr\u00fcckung\u201c stattgefunden.\u00a0Im Rahmen der Veranstaltung haben die Vertreter der SOLIDARUS Solidarit\u00e4t mit der B\u00fcrgerbewegung in Russland e.V. den vorbereiteten Bericht \u201eKrim: Chronologie der Unterdr\u00fcckung\u201c vorgestellt.\" \/>\n<meta property=\"og:url\" content=\"https:\/\/article20.org\/de\/news\/announcements\/prasentation-und-besprechung-des-berichts-krim-chronologie-der-unterdruckung\/\" \/>\n<meta property=\"og:site_name\" content=\"Article20.org\" \/>\n<meta property=\"article:published_time\" content=\"2018-11-12T13:13:39+00:00\" \/>\n<meta property=\"og:image\" content=\"https:\/\/article20.org\/wp-content\/uploads\/2018\/10\/logo_solidarus.png\" \/>\n\t<meta property=\"og:image:width\" content=\"1000\" \/>\n\t<meta property=\"og:image:height\" content=\"1000\" \/>\n\t<meta property=\"og:image:type\" content=\"image\/png\" \/>\n<meta name=\"author\" content=\"Editor\" \/>\n<meta name=\"twitter:card\" content=\"summary_large_image\" \/>\n<meta name=\"twitter:label1\" content=\"Verfasst von\" \/>\n\t<meta name=\"twitter:data1\" content=\"Editor\" \/>\n\t<meta name=\"twitter:label2\" content=\"Gesch\u00e4tzte Lesezeit\" \/>\n\t<meta name=\"twitter:data2\" content=\"2\u00a0Minuten\" \/>\n<script type=\"application\/ld+json\" class=\"yoast-schema-graph\">{\"@context\":\"https:\/\/schema.org\",\"@graph\":[{\"@type\":\"Article\",\"@id\":\"https:\/\/article20.org\/de\/news\/announcements\/prasentation-und-besprechung-des-berichts-krim-chronologie-der-unterdruckung\/#article\",\"isPartOf\":{\"@id\":\"https:\/\/article20.org\/de\/news\/announcements\/prasentation-und-besprechung-des-berichts-krim-chronologie-der-unterdruckung\/\"},\"author\":{\"name\":\"Editor\",\"@id\":\"https:\/\/article20.org\/#\/schema\/person\/664a1fd6cbb422e70f1f5ee52583a0e5\"},\"headline\":\"Pr\u00e4sentation und Besprechung des Berichts \u201eKrim: Chronologie der Unterdr\u00fcckung\u201c\",\"datePublished\":\"2018-11-12T13:13:39+00:00\",\"mainEntityOfPage\":{\"@id\":\"https:\/\/article20.org\/de\/news\/announcements\/prasentation-und-besprechung-des-berichts-krim-chronologie-der-unterdruckung\/\"},\"wordCount\":432,\"publisher\":{\"@id\":\"https:\/\/article20.org\/#organization\"},\"image\":{\"@id\":\"https:\/\/article20.org\/de\/news\/announcements\/prasentation-und-besprechung-des-berichts-krim-chronologie-der-unterdruckung\/#primaryimage\"},\"thumbnailUrl\":\"https:\/\/article20.org\/wp-content\/uploads\/2018\/10\/logo_solidarus.png\",\"articleSection\":[\"Annonce\",\"Krim\",\"Spezielle Projekte\"],\"inLanguage\":\"de\"},{\"@type\":\"WebPage\",\"@id\":\"https:\/\/article20.org\/de\/news\/announcements\/prasentation-und-besprechung-des-berichts-krim-chronologie-der-unterdruckung\/\",\"url\":\"https:\/\/article20.org\/de\/news\/announcements\/prasentation-und-besprechung-des-berichts-krim-chronologie-der-unterdruckung\/\",\"name\":\"Pr\u00e4sentation und Besprechung des Berichts \u201eKrim: Chronologie der Unterdr\u00fcckung\u201c - Article20.org\",\"isPartOf\":{\"@id\":\"https:\/\/article20.org\/de\/#website\"},\"primaryImageOfPage\":{\"@id\":\"https:\/\/article20.org\/de\/news\/announcements\/prasentation-und-besprechung-des-berichts-krim-chronologie-der-unterdruckung\/#primaryimage\"},\"image\":{\"@id\":\"https:\/\/article20.org\/de\/news\/announcements\/prasentation-und-besprechung-des-berichts-krim-chronologie-der-unterdruckung\/#primaryimage\"},\"thumbnailUrl\":\"https:\/\/article20.org\/wp-content\/uploads\/2018\/10\/logo_solidarus.png\",\"datePublished\":\"2018-11-12T13:13:39+00:00\",\"breadcrumb\":{\"@id\":\"https:\/\/article20.org\/de\/news\/announcements\/prasentation-und-besprechung-des-berichts-krim-chronologie-der-unterdruckung\/#breadcrumb\"},\"inLanguage\":\"de\",\"potentialAction\":[{\"@type\":\"ReadAction\",\"target\":[[\"https:\/\/article20.org\/de\/news\/announcements\/prasentation-und-besprechung-des-berichts-krim-chronologie-der-unterdruckung\/\"]]}]},{\"@type\":\"ImageObject\",\"inLanguage\":\"de\",\"@id\":\"https:\/\/article20.org\/de\/news\/announcements\/prasentation-und-besprechung-des-berichts-krim-chronologie-der-unterdruckung\/#primaryimage\",\"url\":\"https:\/\/article20.org\/wp-content\/uploads\/2018\/10\/logo_solidarus.png\",\"contentUrl\":\"https:\/\/article20.org\/wp-content\/uploads\/2018\/10\/logo_solidarus.png\",\"width\":1000,\"height\":1000},{\"@type\":\"BreadcrumbList\",\"@id\":\"https:\/\/article20.org\/de\/news\/announcements\/prasentation-und-besprechung-des-berichts-krim-chronologie-der-unterdruckung\/#breadcrumb\",\"itemListElement\":[{\"@type\":\"ListItem\",\"position\":1,\"name\":\"Home\",\"item\":\"https:\/\/article20.org\/de\/\"},{\"@type\":\"ListItem\",\"position\":2,\"name\":\"Pr\u00e4sentation und Besprechung des Berichts \u201eKrim: Chronologie der Unterdr\u00fcckung\u201c\"}]},{\"@type\":\"WebSite\",\"@id\":\"https:\/\/article20.org\/de\/#website\",\"url\":\"https:\/\/article20.org\/de\/\",\"name\":\"Article20.org\",\"description\":\"Alles \u00fcber Versammlungsfreiheit und Vereinigungsfreiheit\",\"publisher\":{\"@id\":\"https:\/\/article20.org\/de\/#organization\"},\"potentialAction\":[{\"@type\":\"SearchAction\",\"target\":{\"@type\":\"EntryPoint\",\"urlTemplate\":\"https:\/\/article20.org\/de\/?s={search_term_string}\"},\"query-input\":{\"@type\":\"PropertyValueSpecification\",\"valueRequired\":true,\"valueName\":\"search_term_string\"}}],\"inLanguage\":\"de\"},{\"@type\":\"Organization\",\"@id\":\"https:\/\/article20.org\/de\/#organization\",\"name\":\"Article20.org\",\"url\":\"https:\/\/article20.org\/de\/\",\"logo\":{\"@type\":\"ImageObject\",\"inLanguage\":\"de\",\"@id\":\"https:\/\/article20.org\/de\/#\/schema\/logo\/image\/\",\"url\":\"https:\/\/article20.org\/wp-content\/uploads\/2018\/06\/article20.png\",\"contentUrl\":\"https:\/\/article20.org\/wp-content\/uploads\/2018\/06\/article20.png\",\"width\":60,\"height\":25,\"caption\":\"Article20.org\"},\"image\":{\"@id\":\"https:\/\/article20.org\/de\/#\/schema\/logo\/image\/\"}},{\"@type\":\"Person\",\"@id\":\"https:\/\/article20.org\/#\/schema\/person\/664a1fd6cbb422e70f1f5ee52583a0e5\",\"name\":\"Editor\",\"url\":\"https:\/\/article20.org\/de\/author\/editor\/\"}]}<\/script>\n<!-- \/ Yoast SEO plugin. -->","yoast_head_json":{"title":"Pr\u00e4sentation und Besprechung des Berichts \u201eKrim: Chronologie der Unterdr\u00fcckung\u201c - Article20.org","robots":{"index":"index","follow":"follow","max-snippet":"max-snippet:-1","max-image-preview":"max-image-preview:large","max-video-preview":"max-video-preview:-1"},"canonical":"https:\/\/article20.org\/de\/news\/announcements\/prasentation-und-besprechung-des-berichts-krim-chronologie-der-unterdruckung\/","og_locale":"de_DE","og_type":"article","og_title":"Pr\u00e4sentation und Besprechung des Berichts \u201eKrim: Chronologie der Unterdr\u00fcckung\u201c - Article20.org","og_description":"K\u00f6ln, 29. November, 2018.Im Lew Kopelew Forum ist die Pr\u00e4sentation und Besprechung des Berichts \u201eKrim: Chronologie der Unterdr\u00fcckung\u201c stattgefunden.\u00a0Im Rahmen der Veranstaltung haben die Vertreter der SOLIDARUS Solidarit\u00e4t mit der B\u00fcrgerbewegung in Russland e.V. den vorbereiteten Bericht \u201eKrim: Chronologie der Unterdr\u00fcckung\u201c vorgestellt.","og_url":"https:\/\/article20.org\/de\/news\/announcements\/prasentation-und-besprechung-des-berichts-krim-chronologie-der-unterdruckung\/","og_site_name":"Article20.org","article_published_time":"2018-11-12T13:13:39+00:00","og_image":[{"width":1000,"height":1000,"url":"https:\/\/article20.org\/wp-content\/uploads\/2018\/10\/logo_solidarus.png","type":"image\/png"}],"author":"Editor","twitter_card":"summary_large_image","twitter_misc":{"Verfasst von":"Editor","Gesch\u00e4tzte Lesezeit":"2\u00a0Minuten"},"schema":{"@context":"https:\/\/schema.org","@graph":[{"@type":"Article","@id":"https:\/\/article20.org\/de\/news\/announcements\/prasentation-und-besprechung-des-berichts-krim-chronologie-der-unterdruckung\/#article","isPartOf":{"@id":"https:\/\/article20.org\/de\/news\/announcements\/prasentation-und-besprechung-des-berichts-krim-chronologie-der-unterdruckung\/"},"author":{"name":"Editor","@id":"https:\/\/article20.org\/#\/schema\/person\/664a1fd6cbb422e70f1f5ee52583a0e5"},"headline":"Pr\u00e4sentation und Besprechung des Berichts \u201eKrim: Chronologie der Unterdr\u00fcckung\u201c","datePublished":"2018-11-12T13:13:39+00:00","mainEntityOfPage":{"@id":"https:\/\/article20.org\/de\/news\/announcements\/prasentation-und-besprechung-des-berichts-krim-chronologie-der-unterdruckung\/"},"wordCount":432,"publisher":{"@id":"https:\/\/article20.org\/#organization"},"image":{"@id":"https:\/\/article20.org\/de\/news\/announcements\/prasentation-und-besprechung-des-berichts-krim-chronologie-der-unterdruckung\/#primaryimage"},"thumbnailUrl":"https:\/\/article20.org\/wp-content\/uploads\/2018\/10\/logo_solidarus.png","articleSection":["Annonce","Krim","Spezielle Projekte"],"inLanguage":"de"},{"@type":"WebPage","@id":"https:\/\/article20.org\/de\/news\/announcements\/prasentation-und-besprechung-des-berichts-krim-chronologie-der-unterdruckung\/","url":"https:\/\/article20.org\/de\/news\/announcements\/prasentation-und-besprechung-des-berichts-krim-chronologie-der-unterdruckung\/","name":"Pr\u00e4sentation und Besprechung des Berichts \u201eKrim: Chronologie der Unterdr\u00fcckung\u201c - Article20.org","isPartOf":{"@id":"https:\/\/article20.org\/de\/#website"},"primaryImageOfPage":{"@id":"https:\/\/article20.org\/de\/news\/announcements\/prasentation-und-besprechung-des-berichts-krim-chronologie-der-unterdruckung\/#primaryimage"},"image":{"@id":"https:\/\/article20.org\/de\/news\/announcements\/prasentation-und-besprechung-des-berichts-krim-chronologie-der-unterdruckung\/#primaryimage"},"thumbnailUrl":"https:\/\/article20.org\/wp-content\/uploads\/2018\/10\/logo_solidarus.png","datePublished":"2018-11-12T13:13:39+00:00","breadcrumb":{"@id":"https:\/\/article20.org\/de\/news\/announcements\/prasentation-und-besprechung-des-berichts-krim-chronologie-der-unterdruckung\/#breadcrumb"},"inLanguage":"de","potentialAction":[{"@type":"ReadAction","target":[["https:\/\/article20.org\/de\/news\/announcements\/prasentation-und-besprechung-des-berichts-krim-chronologie-der-unterdruckung\/"]]}]},{"@type":"ImageObject","inLanguage":"de","@id":"https:\/\/article20.org\/de\/news\/announcements\/prasentation-und-besprechung-des-berichts-krim-chronologie-der-unterdruckung\/#primaryimage","url":"https:\/\/article20.org\/wp-content\/uploads\/2018\/10\/logo_solidarus.png","contentUrl":"https:\/\/article20.org\/wp-content\/uploads\/2018\/10\/logo_solidarus.png","width":1000,"height":1000},{"@type":"BreadcrumbList","@id":"https:\/\/article20.org\/de\/news\/announcements\/prasentation-und-besprechung-des-berichts-krim-chronologie-der-unterdruckung\/#breadcrumb","itemListElement":[{"@type":"ListItem","position":1,"name":"Home","item":"https:\/\/article20.org\/de\/"},{"@type":"ListItem","position":2,"name":"Pr\u00e4sentation und Besprechung des Berichts \u201eKrim: Chronologie der Unterdr\u00fcckung\u201c"}]},{"@type":"WebSite","@id":"https:\/\/article20.org\/de\/#website","url":"https:\/\/article20.org\/de\/","name":"Article20.org","description":"Alles \u00fcber Versammlungsfreiheit und Vereinigungsfreiheit","publisher":{"@id":"https:\/\/article20.org\/de\/#organization"},"potentialAction":[{"@type":"SearchAction","target":{"@type":"EntryPoint","urlTemplate":"https:\/\/article20.org\/de\/?s={search_term_string}"},"query-input":{"@type":"PropertyValueSpecification","valueRequired":true,"valueName":"search_term_string"}}],"inLanguage":"de"},{"@type":"Organization","@id":"https:\/\/article20.org\/de\/#organization","name":"Article20.org","url":"https:\/\/article20.org\/de\/","logo":{"@type":"ImageObject","inLanguage":"de","@id":"https:\/\/article20.org\/de\/#\/schema\/logo\/image\/","url":"https:\/\/article20.org\/wp-content\/uploads\/2018\/06\/article20.png","contentUrl":"https:\/\/article20.org\/wp-content\/uploads\/2018\/06\/article20.png","width":60,"height":25,"caption":"Article20.org"},"image":{"@id":"https:\/\/article20.org\/de\/#\/schema\/logo\/image\/"}},{"@type":"Person","@id":"https:\/\/article20.org\/#\/schema\/person\/664a1fd6cbb422e70f1f5ee52583a0e5","name":"Editor","url":"https:\/\/article20.org\/de\/author\/editor\/"}]}},"_links":{"self":[{"href":"https:\/\/article20.org\/de\/wp-json\/wp\/v2\/posts\/10733","targetHints":{"allow":["GET"]}}],"collection":[{"href":"https:\/\/article20.org\/de\/wp-json\/wp\/v2\/posts"}],"about":[{"href":"https:\/\/article20.org\/de\/wp-json\/wp\/v2\/types\/post"}],"author":[{"embeddable":true,"href":"https:\/\/article20.org\/de\/wp-json\/wp\/v2\/users\/3"}],"replies":[{"embeddable":true,"href":"https:\/\/article20.org\/de\/wp-json\/wp\/v2\/comments?post=10733"}],"version-history":[{"count":1,"href":"https:\/\/article20.org\/de\/wp-json\/wp\/v2\/posts\/10733\/revisions"}],"predecessor-version":[{"id":10734,"href":"https:\/\/article20.org\/de\/wp-json\/wp\/v2\/posts\/10733\/revisions\/10734"}],"wp:featuredmedia":[{"embeddable":true,"href":"https:\/\/article20.org\/de\/wp-json\/wp\/v2\/media\/10348"}],"wp:attachment":[{"href":"https:\/\/article20.org\/de\/wp-json\/wp\/v2\/media?parent=10733"}],"wp:term":[{"taxonomy":"category","embeddable":true,"href":"https:\/\/article20.org\/de\/wp-json\/wp\/v2\/categories?post=10733"},{"taxonomy":"post_tag","embeddable":true,"href":"https:\/\/article20.org\/de\/wp-json\/wp\/v2\/tags?post=10733"}],"curies":[{"name":"wp","href":"https:\/\/api.w.org\/{rel}","templated":true}]}}